{"country":"PL","language":"PL","category":{"id":113788,"name":"Ochrona g\u0142owy i twarzy","base_url":"https:\/\/www.tme.eu\/pl\/katalog\/ochrona-glowy-i-twarzy_113788\/"},"generated_at":"2026-08-29T22:20:08+02:00","items":[{"url":"https:\/\/www.tme.eu\/pl\/katalog\/ochrona-glowy-i-twarzy_113788\/params\/b5_kolor\/p1439147_czerwony\/","label":"Ochrona g\u0142owy i twarzy - Kolor: czerwony"},{"url":"https:\/\/www.tme.eu\/pl\/katalog\/ochrona-glowy-i-twarzy_113788\/params\/b5_kolor\/p1439153_czarny\/","label":"Ochrona g\u0142owy i twarzy - Kolor: czarny"},{"url":"https:\/\/www.tme.eu\/pl\/katalog\/ochrona-glowy-i-twarzy_113788\/params\/b5_kolor\/p1439158_bialy\/","label":"Ochrona g\u0142owy i twarzy - Kolor: bia\u0142y"},{"url":"https:\/\/www.tme.eu\/pl\/katalog\/ochrona-glowy-i-twarzy_113788\/params\/b5_kolor\/p1439159_szary\/","label":"Ochrona g\u0142owy i twarzy - Kolor: szary"},{"url":"https:\/\/www.tme.eu\/pl\/katalog\/ochrona-glowy-i-twarzy_113788\/params\/b5_kolor\/p1439489_niebieski\/","label":"Ochrona g\u0142owy i twarzy - Kolor: niebieski"},{"url":"https:\/\/www.tme.eu\/pl\/katalog\/ochrona-glowy-i-twarzy_113788\/params\/b5_kolor\/p1444541_zielony\/","label":"Ochrona g\u0142owy i twarzy - Kolor: zielony"},{"url":"https:\/\/www.tme.eu\/pl\/katalog\/ochrona-glowy-i-twarzy_113788\/params\/b5_kolor\/p1444542_zolty\/","label":"Ochrona g\u0142owy i twarzy - Kolor: \u017c\u00f3\u0142ty"},{"url":"https:\/\/www.tme.eu\/pl\/katalog\/ochrona-glowy-i-twarzy_113788\/params\/b5_kolor\/p1449612_pomaranczowy\/","label":"Ochrona g\u0142owy i twarzy - Kolor: pomara\u0144czowy"},{"url":"https:\/\/www.tme.eu\/pl\/katalog\/ochrona-glowy-i-twarzy_113788\/params\/b5_kolor\/p1544681_granatowy\/","label":"Ochrona g\u0142owy i twarzy - Kolor: granatowy"},{"url":"https:\/\/www.tme.eu\/pl\/katalog\/ochrona-glowy-i-twarzy_113788\/params\/b139_material\/p1439222_abs\/","label":"Ochrona g\u0142owy i twarzy - Materia\u0142: ABS"},{"url":"https:\/\/www.tme.eu\/pl\/katalog\/ochrona-glowy-i-twarzy_113788\/params\/b139_material\/p1443271_polipropylen\/","label":"Ochrona g\u0142owy i twarzy - Materia\u0142: polipropylen"},{"url":"https:\/\/www.tme.eu\/pl\/katalog\/ochrona-glowy-i-twarzy_113788\/params\/b139_material\/p1463014_poliester\/","label":"Ochrona g\u0142owy i twarzy - Materia\u0142: poliester"},{"url":"https:\/\/www.tme.eu\/pl\/katalog\/ochrona-glowy-i-twarzy_113788\/params\/b139_material\/p1537713_akryl\/","label":"Ochrona g\u0142owy i twarzy - Materia\u0142: akryl"},{"url":"https:\/\/www.tme.eu\/pl\/katalog\/ochrona-glowy-i-twarzy_113788\/params\/b139_material\/p1789937_bawelna\/","label":"Ochrona g\u0142owy i twarzy - Materia\u0142: bawe\u0142na"},{"url":"https:\/\/www.tme.eu\/pl\/katalog\/ochrona-glowy-i-twarzy_113788\/params\/b139_material\/p1952403_hdpe\/","label":"Ochrona g\u0142owy i twarzy - Materia\u0142: HDPE"},{"url":"https:\/\/www.tme.eu\/pl\/katalog\/ochrona-glowy-i-twarzy_113788\/params\/b667_odpornosc-na\/p1785845_odksztalcenie-boczne-ld\/","label":"Ochrona g\u0142owy i twarzy - Odporno\u015b\u0107 na: odkszta\u0142cenie boczne (LD)"},{"url":"https:\/\/www.tme.eu\/pl\/katalog\/ochrona-glowy-i-twarzy_113788\/params\/b743_napiecie-maksymalne\/p1474768_1kv\/","label":"Ochrona g\u0142owy i twarzy - Napi\u0119cie maksymalne: 1kV"},{"url":"https:\/\/www.tme.eu\/pl\/katalog\/ochrona-glowy-i-twarzy_113788\/params\/b1273_typ-elementu-bhp\/p1474767_helm-ochronny\/","label":"Ochrona g\u0142owy i twarzy - Typ elementu BHP: he\u0142m ochronny"},{"url":"https:\/\/www.tme.eu\/pl\/katalog\/ochrona-glowy-i-twarzy_113788\/params\/b1273_typ-elementu-bhp\/p1474788_oslona-twarzy\/","label":"Ochrona g\u0142owy i twarzy - Typ elementu BHP: os\u0142ona twarzy"},{"url":"https:\/\/www.tme.eu\/pl\/katalog\/ochrona-glowy-i-twarzy_113788\/params\/b1273_typ-elementu-bhp\/p2067850_czapka-z-daszkiem\/","label":"Ochrona g\u0142owy i twarzy - Typ elementu BHP: czapka z daszkiem"},{"url":"https:\/\/www.tme.eu\/pl\/katalog\/ochrona-glowy-i-twarzy_113788\/params\/b1273_typ-elementu-bhp\/p2068141_czapka\/","label":"Ochrona g\u0142owy i twarzy - Typ elementu BHP: czapka"},{"url":"https:\/\/www.tme.eu\/pl\/katalog\/ochrona-glowy-i-twarzy_113788\/params\/b1308_rozmiar\/p1811288_uniwersalny\/","label":"Ochrona g\u0142owy i twarzy - Rozmiar: uniwersalny"},{"url":"https:\/\/www.tme.eu\/pl\/katalog\/ochrona-glowy-i-twarzy_113788\/params\/b1308_rozmiar\/p2067869_57-61\/","label":"Ochrona g\u0142owy i twarzy - Rozmiar: 57-61"},{"url":"https:\/\/www.tme.eu\/pl\/katalog\/ochrona-glowy-i-twarzy_113788\/params\/b1382_wersja\/p1442924_wentylowana\/","label":"Ochrona g\u0142owy i twarzy - Wersja: wentylowana"},{"url":"https:\/\/www.tme.eu\/pl\/katalog\/ochrona-glowy-i-twarzy_113788\/params\/b1382_wersja\/p1705700_regulowany\/","label":"Ochrona g\u0142owy i twarzy - Wersja: regulowany"},{"url":"https:\/\/www.tme.eu\/pl\/katalog\/ochrona-glowy-i-twarzy_113788\/params\/b1382_wersja\/p1853659_ocieplane\/","label":"Ochrona g\u0142owy i twarzy - Wersja: ocieplane"},{"url":"https:\/\/www.tme.eu\/pl\/katalog\/ochrona-glowy-i-twarzy_113788\/params\/b1600_ilosc-w-zestawie-opakowaniu\/p1470346_12szt\/","label":"Ochrona g\u0142owy i twarzy - Ilo\u015b\u0107 w zestawie\/opakowaniu: 12szt."},{"url":"https:\/\/www.tme.eu\/pl\/katalog\/ochrona-glowy-i-twarzy_113788\/params\/b2259_zastosowanie-bhp\/p2068160_do-pracy-na-wysokosci\/","label":"Ochrona g\u0142owy i twarzy - Zastosowanie BHP: do pracy na wysoko\u015bci"},{"url":"https:\/\/www.tme.eu\/pl\/katalog\/ochrona-glowy-i-twarzy_113788\/params\/b2390_seria-producenta\/p1785844_x5000\/","label":"Ochrona g\u0142owy i twarzy - Seria producenta: X5000"}]}